{"id":58637,"date":"2026-04-27T20:21:16","date_gmt":"2026-04-27T18:21:16","guid":{"rendered":"https:\/\/www.lespaillettesvertes.ch\/muttertag-wie-waere-es-mit-zeit-bedeutung-und-wahrhaftigkeit\/"},"modified":"2026-04-27T23:41:30","modified_gmt":"2026-04-27T21:41:30","slug":"muttertag-wie-waere-es-mit-zeit-bedeutung-und-wahrhaftigkeit","status":"publish","type":"post","link":"https:\/\/www.lespaillettesvertes.ch\/de\/muttertag-wie-waere-es-mit-zeit-bedeutung-und-wahrhaftigkeit\/","title":{"rendered":"Muttertag: Wie w\u00e4re es mit Zeit, Bedeutung und Wahrhaftigkeit?"},"content":{"rendered":"<span class=\"span-reading-time rt-reading-time\" style=\"display: block;\"><span class=\"rt-label rt-prefix\">Temps de lecture\u00a0: <\/span> <span class=\"rt-time\"> 4<\/span> <span class=\"rt-label rt-postfix\">minutes<\/span><\/span>\n<div style=\"height:73px\" aria-hidden=\"true\" class=\"wp-block-spacer\"><\/div>\n\n<p>Der <strong>Schweizer Muttertag<\/strong> steht vor der T\u00fcr (Sonntag, 10. Mai!). Zu diesem Anlass sehen wir oft Werbung f\u00fcr synthetische Parf\u00fcms oder Blumenstr\u00e4u\u00dfe, die um die halbe Welt gereist sind. F\u00fcr unsere M\u00fctter liegt die Sch\u00f6nheit jedoch nicht im &#8222;gr\u00fcnen Marketing&#8220;, sondern in der Einfachheit einer edlen Zutat und der Absicht, die hinter einer aufrichtigen Geste steht.  <\/p>\n\n<div style=\"height:45px\" aria-hidden=\"true\" class=\"wp-block-spacer\"><\/div>\n\n<p>Bei <strong>Les Paillettes Vertes<\/strong> glauben wir an Gro\u00dfmutters Rezepte, die mit Wissenschaft und Gewissen neu interpretiert werden. Um den <strong>Schweizer Muttertag<\/strong> zu feiern, haben wir eine Auswahl an handgefertigten Sets zusammengestellt, die in unserem Lausanner Atelier f\u00fcr diejenigen zusammengestellt wurden, die sich gerne pflegen, ohne Kompromisse f\u00fcr den Planeten einzugehen. <\/p>\n\n<div style=\"height:45px\" aria-hidden=\"true\" class=\"wp-block-spacer\"><\/div>\n\n<figure class=\"wp-block-image size-large\"><a href=\"https:\/\/www.lespaillettesvertes.ch\/de\/categorie-produit\/gute-geschafte\/\"><img data-recalc-dims=\"1\" height=\"1024\" width=\"819\" decoding=\"async\" src=\"https:\/\/i0.wp.com\/www.lespaillettesvertes.ch\/wp-content\/uploads\/2026\/04\/%F0%9F%92%90-La-fete-des-meres-approche-et-cette-annee-offrez-lui-un-cadeau-qui-lui-ressemble-vraiment.-Pas-un-bouquet-qui-fane-pas-un-parfum-generique.-Un-coffret-pense-pour-quelle-prenne-soin-delle-.jpg?resize=819%2C1024&#038;ssl=1\" alt=\"\" class=\"wp-image-58647\"\/><\/a><\/figure>\n\n<div style=\"height:45px\" aria-hidden=\"true\" class=\"wp-block-spacer\"><\/div>\n\n<h2 class=\"wp-block-heading\">1. Wege aus dem &#8222;Greenwashing&#8220;: Die Suche nach dem edlen Inhaltsstoff<\/h2>\n\n<div style=\"height:45px\" aria-hidden=\"true\" class=\"wp-block-spacer\"><\/div>\n\n<p>F\u00fcr unsere Gemeinschaft wird Luxus nicht durch eine goldene Verpackung definiert, sondern durch die Reinheit dessen, was darin enthalten ist. Wir sind zu den Grundlagen zur\u00fcckgekehrt, zu den Inhaltsstoffen, die schon unsere Gro\u00dfm\u00fctter verwendeten, weil sie wussten, dass die Natur keine chemischen Kr\u00fccken braucht, um wirksam zu sein. <\/p>\n\n<div style=\"height:45px\" aria-hidden=\"true\" class=\"wp-block-spacer\"><\/div>\n\n<ul class=\"wp-block-list\">\n<li><strong>Bittersalz:<\/strong> Wird seit Jahrhunderten verwendet, um die Muskeln zu entspannen und den K\u00f6rper zu remineralisieren.<\/li>\n\n\n\n<li><strong>Aktivkohle:<\/strong> Der Meister der nat\u00fcrlichen Entgiftung, der Unreinheiten absorbieren kann, ohne die Epidermis anzugreifen.<\/li>\n\n\n\n<li><strong>Spirulina:<\/strong> Ein Schatz an N\u00e4hrstoffen, die dem Hautgewebe neue Vitalit\u00e4t verleihen.<\/li>\n<\/ul>\n\n<div style=\"height:45px\" aria-hidden=\"true\" class=\"wp-block-spacer\"><\/div>\n\n<p>Jeder Inhaltsstoff in unseren Sets wird aufgrund seines <strong>tats\u00e4chlichen Nutzens<\/strong> ausgew\u00e4hlt, nicht um auf dem Etikett gut auszusehen. Dies nennen wir &#8222;ehrliche Sch\u00f6nheit&#8220;. <\/p>\n\n<div style=\"height:45px\" aria-hidden=\"true\" class=\"wp-block-spacer\"><\/div>\n\n<h2 class=\"wp-block-heading\">2. Das &#8222;Zero Waste&#8220;-Geschenk: Ein Verm\u00e4chtnis f\u00fcr die Zukunft<\/h2>\n\n<div style=\"height:45px\" aria-hidden=\"true\" class=\"wp-block-spacer\"><\/div>\n\n<p>Ein Zero Waste Geschenk ist auch eine Botschaft: <em>&#8222;Ich liebe dich und ich respektiere die Welt, in der wir leben&#8220;<\/em>.<\/p>\n\n<div style=\"height:45px\" aria-hidden=\"true\" class=\"wp-block-spacer\"><\/div>\n\n<p>Unsere Geschenkboxen sind so konzipiert, dass sie keine negativen Spuren hinterlassen. Kein unn\u00f6tiger Schnickschnack, kein Einwegplastik. Unsere Glasbeh\u00e4lter sind so konzipiert, dass sie wiederverwendet (f\u00fcr Ihre eigenen hausgemachten Rezepte, Gew\u00fcrze oder kleine Sch\u00e4tze) oder endlos recycelt werden k\u00f6nnen. Wenn Sie eine LPV-Box verschenken, verschenken Sie ein Produkt, das sein Leben in der Erde oder in einem tugendhaften Kreislauf beendet, nicht in einem Ozean.   <\/p>\n\n<div style=\"height:45px\" aria-hidden=\"true\" class=\"wp-block-spacer\"><\/div>\n\n<h2 class=\"wp-block-heading\">3. Soziale Auswirkungen: Mehr als eine Lieferung, eine Mission<\/h2>\n\n<div style=\"height:45px\" aria-hidden=\"true\" class=\"wp-block-spacer\"><\/div>\n\n<p>Wir begn\u00fcgen uns nicht damit, in der Schweiz zu produzieren. Wir haben uns entschieden, unsere Logistik im Herzen der Menschen zu verankern. Seit 2026 bereitet die <strong>Stiftung Eben-H\u00e9zer<\/strong> in Lausanne Ihre Pakete vor.  <\/p>\n\n<div style=\"height:45px\" aria-hidden=\"true\" class=\"wp-block-spacer\"><\/div>\n\n<p>Mit der Wahl eines unserer Sets leisten Sie einen direkten Beitrag zur sozialen Eingliederung von Menschen mit Behinderungen oder schutzbed\u00fcrftigen Personen. Ihr Muttertagsgeschenk unterst\u00fctzt eine lokale Solidarit\u00e4tskette. Dies ist eine Dimension, die mit dem blo\u00dfen Auge nicht sichtbar ist, die Sie aber in der Absicht jedes sorgf\u00e4ltig zusammengestellten Pakets sp\u00fcren k\u00f6nnen.  <\/p>\n\n<div style=\"height:45px\" aria-hidden=\"true\" class=\"wp-block-spacer\"><\/div>\n\n<h2 class=\"wp-block-heading\">4. Ritualhandbuch: Welches Set f\u00fcr welches Temperament?<\/h2>\n\n<div style=\"height:45px\" aria-hidden=\"true\" class=\"wp-block-spacer\"><\/div>\n\n<p>Um Ihnen die Auswahl zu erleichtern, haben wir unsere Kreationen nach den aktuellen Bed\u00fcrfnissen unterteilt (profitieren Sie von einem Preisnachlass von <strong><a href=\"https:\/\/www.lespaillettesvertes.ch\/de\/categorie-produit\/gute-geschafte\/\">-25% Rabatt<\/a><\/strong>) :<\/p>\n\n<div style=\"height:45px\" aria-hidden=\"true\" class=\"wp-block-spacer\"><\/div>\n\n<div class=\"wp-block-group is-nowrap is-layout-flex wp-container-core-group-is-layout-ad2f72ca wp-block-group-is-layout-flex\">\n<figure class=\"wp-block-image size-large\"><a href=\"https:\/\/www.lespaillettesvertes.ch\/de\/produit\/das-spa-paket-escale-wellness\/\"><img data-recalc-dims=\"1\" fetchpriority=\"high\" decoding=\"async\" width=\"1024\" height=\"1024\" src=\"https:\/\/i0.wp.com\/www.lespaillettesvertes.ch\/wp-content\/uploads\/2026\/01\/Le-Coffret-Spa-Escale-Bien-etre-1.jpg?resize=1024%2C1024&#038;ssl=1\" alt=\"Das Spa-Paket - Escale Wellness\" class=\"wp-image-57346\" srcset=\"https:\/\/i0.wp.com\/www.lespaillettesvertes.ch\/wp-content\/uploads\/2026\/01\/Le-Coffret-Spa-Escale-Bien-etre-1.jpg?resize=1024%2C1024&amp;ssl=1 1024w, https:\/\/i0.wp.com\/www.lespaillettesvertes.ch\/wp-content\/uploads\/2026\/01\/Le-Coffret-Spa-Escale-Bien-etre-1.jpg?resize=300%2C300&amp;ssl=1 300w, https:\/\/i0.wp.com\/www.lespaillettesvertes.ch\/wp-content\/uploads\/2026\/01\/Le-Coffret-Spa-Escale-Bien-etre-1.jpg?resize=150%2C150&amp;ssl=1 150w, https:\/\/i0.wp.com\/www.lespaillettesvertes.ch\/wp-content\/uploads\/2026\/01\/Le-Coffret-Spa-Escale-Bien-etre-1.jpg?resize=768%2C768&amp;ssl=1 768w, https:\/\/i0.wp.com\/www.lespaillettesvertes.ch\/wp-content\/uploads\/2026\/01\/Le-Coffret-Spa-Escale-Bien-etre-1.jpg?resize=600%2C600&amp;ssl=1 600w, https:\/\/i0.wp.com\/www.lespaillettesvertes.ch\/wp-content\/uploads\/2026\/01\/Le-Coffret-Spa-Escale-Bien-etre-1.jpg?resize=100%2C100&amp;ssl=1 100w, https:\/\/i0.wp.com\/www.lespaillettesvertes.ch\/wp-content\/uploads\/2026\/01\/Le-Coffret-Spa-Escale-Bien-etre-1.jpg?w=1080&amp;ssl=1 1080w\" sizes=\"(max-width: 1000px) 100vw, 1000px\" \/><\/a><\/figure>\n\n\n\n<h3 class=\"wp-block-heading\">\u2728 <a href=\"https:\/\/www.lespaillettesvertes.ch\/de\/produit\/das-spa-paket-escale-wellness\/\" target=\"_blank\" rel=\"noreferrer noopener\">Das Spa-Paket &#8211; Wellness-Pause f\u00fcr Mama<\/a> &#8211; Die Kunst der Entschleunigung im Alltag<\/h3>\n<\/div>\n\n<div style=\"height:45px\" aria-hidden=\"true\" class=\"wp-block-spacer\"><\/div>\n\n<p>Dies ist das umfassendste Paket. Es ist f\u00fcr M\u00fctter gedacht, die sich nie Zeit f\u00fcr sich selbst nehmen. K\u00f6rperpeeling, Gesichtsmaske und Badesalz mit Rosenduft sind eine Einladung, die Badezimmert\u00fcr zu schlie\u00dfen und f\u00fcr eine Stunde dem Alltag zu entfliehen.  <\/p>\n\n<div style=\"height:45px\" aria-hidden=\"true\" class=\"wp-block-spacer\"><\/div>\n\n<ul class=\"wp-block-list\">\n<li><strong>Der Nutzen:<\/strong> Eine regenerierte Haut und ein beruhigter Geist.<\/li>\n\n\n\n<li><strong>Preis: CHF 66.75<\/strong><\/li>\n<\/ul>\n\n<div style=\"height:45px\" aria-hidden=\"true\" class=\"wp-block-spacer\"><\/div>\n\n<div class=\"wp-block-group is-nowrap is-layout-flex wp-container-core-group-is-layout-ad2f72ca wp-block-group-is-layout-flex\">\n<figure class=\"wp-block-image size-large\"><a href=\"https:\/\/www.lespaillettesvertes.ch\/produit\/coffret-cadeau-pl%C3%A9nitude-du-bain\/&amp;authuser=2\"><img data-recalc-dims=\"1\" decoding=\"async\" width=\"1024\" height=\"1024\" src=\"https:\/\/i0.wp.com\/www.lespaillettesvertes.ch\/wp-content\/uploads\/2024\/11\/can_you_replace_the_products_i_Nano_Banana_2_51535.png?resize=1024%2C1024&#038;ssl=1\" alt=\"Geschenkset - F&#xFC;lle des Bades\" class=\"wp-image-58557\" srcset=\"https:\/\/i0.wp.com\/www.lespaillettesvertes.ch\/wp-content\/uploads\/2024\/11\/can_you_replace_the_products_i_Nano_Banana_2_51535.png?resize=1024%2C1024&amp;ssl=1 1024w, https:\/\/i0.wp.com\/www.lespaillettesvertes.ch\/wp-content\/uploads\/2024\/11\/can_you_replace_the_products_i_Nano_Banana_2_51535.png?resize=300%2C300&amp;ssl=1 300w, https:\/\/i0.wp.com\/www.lespaillettesvertes.ch\/wp-content\/uploads\/2024\/11\/can_you_replace_the_products_i_Nano_Banana_2_51535.png?resize=150%2C150&amp;ssl=1 150w, https:\/\/i0.wp.com\/www.lespaillettesvertes.ch\/wp-content\/uploads\/2024\/11\/can_you_replace_the_products_i_Nano_Banana_2_51535.png?resize=768%2C768&amp;ssl=1 768w, https:\/\/i0.wp.com\/www.lespaillettesvertes.ch\/wp-content\/uploads\/2024\/11\/can_you_replace_the_products_i_Nano_Banana_2_51535.png?resize=1536%2C1536&amp;ssl=1 1536w, https:\/\/i0.wp.com\/www.lespaillettesvertes.ch\/wp-content\/uploads\/2024\/11\/can_you_replace_the_products_i_Nano_Banana_2_51535.png?resize=600%2C600&amp;ssl=1 600w, https:\/\/i0.wp.com\/www.lespaillettesvertes.ch\/wp-content\/uploads\/2024\/11\/can_you_replace_the_products_i_Nano_Banana_2_51535.png?resize=100%2C100&amp;ssl=1 100w, https:\/\/i0.wp.com\/www.lespaillettesvertes.ch\/wp-content\/uploads\/2024\/11\/can_you_replace_the_products_i_Nano_Banana_2_51535.png?w=2048&amp;ssl=1 2048w\" sizes=\"(max-width: 1000px) 100vw, 1000px\" \/><\/a><\/figure>\n\n\n\n<h3 class=\"wp-block-heading\">\ud83d\udec1 <a href=\"https:\/\/www.lespaillettesvertes.ch\/produit\/coffret-cadeau-pl%C3%A9nitude-du-bain\/&amp;authuser=2\" target=\"_blank\" rel=\"noreferrer noopener\">Plenitude of the Bath<\/a> &#8211; F\u00fcr Liebhaberinnen von Ahnenritualen<\/h3>\n<\/div>\n\n<div style=\"height:45px\" aria-hidden=\"true\" class=\"wp-block-spacer\"><\/div>\n\n<p>Das Bad ist die \u00e4lteste Pflege der Welt. Mit dem Lavendelsalz und dem Aprikosen-Peeling ist dieses Set eine R\u00fcckkehr zu den Wurzeln der Entspannung. <\/p>\n\n<div style=\"height:45px\" aria-hidden=\"true\" class=\"wp-block-spacer\"><\/div>\n\n<ul class=\"wp-block-list\">\n<li><strong>Der Nutzen:<\/strong> Tiefe Muskelentspannung und absolute Sanftheit.<\/li>\n\n\n\n<li><strong>Preis: CHF 39.75<\/strong><\/li>\n<\/ul>\n\n<div style=\"height:45px\" aria-hidden=\"true\" class=\"wp-block-spacer\"><\/div>\n\n<div class=\"wp-block-group is-nowrap is-layout-flex wp-container-core-group-is-layout-ad2f72ca wp-block-group-is-layout-flex\">\n<figure class=\"wp-block-image size-full\"><a href=\"https:\/\/www.lespaillettesvertes.ch\/de\/produit\/geschenkset-supreme-hydratation\/\"><img data-recalc-dims=\"1\" decoding=\"async\" width=\"900\" height=\"900\" src=\"https:\/\/i0.wp.com\/www.lespaillettesvertes.ch\/wp-content\/uploads\/2024\/11\/Coffret-cadeau-Hydratation-Supreme.png?resize=900%2C900&#038;ssl=1\" alt=\"Geschenkset - Supreme Hydratation\" class=\"wp-image-58562\" srcset=\"https:\/\/i0.wp.com\/www.lespaillettesvertes.ch\/wp-content\/uploads\/2024\/11\/Coffret-cadeau-Hydratation-Supreme.png?w=900&amp;ssl=1 900w, https:\/\/i0.wp.com\/www.lespaillettesvertes.ch\/wp-content\/uploads\/2024\/11\/Coffret-cadeau-Hydratation-Supreme.png?resize=300%2C300&amp;ssl=1 300w, https:\/\/i0.wp.com\/www.lespaillettesvertes.ch\/wp-content\/uploads\/2024\/11\/Coffret-cadeau-Hydratation-Supreme.png?resize=150%2C150&amp;ssl=1 150w, https:\/\/i0.wp.com\/www.lespaillettesvertes.ch\/wp-content\/uploads\/2024\/11\/Coffret-cadeau-Hydratation-Supreme.png?resize=768%2C768&amp;ssl=1 768w, https:\/\/i0.wp.com\/www.lespaillettesvertes.ch\/wp-content\/uploads\/2024\/11\/Coffret-cadeau-Hydratation-Supreme.png?resize=600%2C600&amp;ssl=1 600w, https:\/\/i0.wp.com\/www.lespaillettesvertes.ch\/wp-content\/uploads\/2024\/11\/Coffret-cadeau-Hydratation-Supreme.png?resize=100%2C100&amp;ssl=1 100w\" sizes=\"(max-width: 900px) 100vw, 900px\" \/><\/a><\/figure>\n\n\n\n<h3 class=\"wp-block-heading\">\ud83d\udca7 S <a target=\"_blank\" rel=\"noreferrer noopener\" href=\"https:\/\/www.lespaillettesvertes.ch\/de\/produit\/geschenkset-supreme-hydratation\/\">upreme Hydratation<\/a> &#8211; Die Antwort auf grundlegende Bed\u00fcrfnisse<\/h3>\n<\/div>\n\n<div style=\"height:45px\" aria-hidden=\"true\" class=\"wp-block-spacer\"><\/div>\n\n<p>Keine Anti-Aging-Wunderversprechen, sondern nur N\u00e4hrstoffe. Ein reichhaltiger Balsam und eine Tagescreme, um die Hautbarriere auf edle Weise zu sch\u00fctzen. <\/p>\n\n<div style=\"height:45px\" aria-hidden=\"true\" class=\"wp-block-spacer\"><\/div>\n\n<ul class=\"wp-block-list\">\n<li><strong>Der Vorteil:<\/strong> Ein sofortiges Wohlgef\u00fchl und eine tiefenwirksam gen\u00e4hrte Haut.<\/li>\n\n\n\n<li><strong>Preis: CHF 66.00<\/strong><\/li>\n<\/ul>\n\n<div style=\"height:45px\" aria-hidden=\"true\" class=\"wp-block-spacer\"><\/div>\n\n<div class=\"wp-block-group is-nowrap is-layout-flex wp-container-core-group-is-layout-ad2f72ca wp-block-group-is-layout-flex\">\n<figure class=\"wp-block-image size-full\"><a href=\"https:\/\/www.lespaillettesvertes.ch\/de\/produit\/geschenkset-detox-serenity\/\"><img data-recalc-dims=\"1\" loading=\"lazy\" decoding=\"async\" width=\"900\" height=\"900\" src=\"https:\/\/i0.wp.com\/www.lespaillettesvertes.ch\/wp-content\/uploads\/2026\/04\/Coffret-cadeau-Detox-Serenite-1.png?resize=900%2C900&#038;ssl=1\" alt=\"Geschenkset - Detox &amp;amp; Serenity\" class=\"wp-image-58546\" srcset=\"https:\/\/i0.wp.com\/www.lespaillettesvertes.ch\/wp-content\/uploads\/2026\/04\/Coffret-cadeau-Detox-Serenite-1.png?w=900&amp;ssl=1 900w, https:\/\/i0.wp.com\/www.lespaillettesvertes.ch\/wp-content\/uploads\/2026\/04\/Coffret-cadeau-Detox-Serenite-1.png?resize=300%2C300&amp;ssl=1 300w, https:\/\/i0.wp.com\/www.lespaillettesvertes.ch\/wp-content\/uploads\/2026\/04\/Coffret-cadeau-Detox-Serenite-1.png?resize=150%2C150&amp;ssl=1 150w, https:\/\/i0.wp.com\/www.lespaillettesvertes.ch\/wp-content\/uploads\/2026\/04\/Coffret-cadeau-Detox-Serenite-1.png?resize=768%2C768&amp;ssl=1 768w, https:\/\/i0.wp.com\/www.lespaillettesvertes.ch\/wp-content\/uploads\/2026\/04\/Coffret-cadeau-Detox-Serenite-1.png?resize=600%2C600&amp;ssl=1 600w, https:\/\/i0.wp.com\/www.lespaillettesvertes.ch\/wp-content\/uploads\/2026\/04\/Coffret-cadeau-Detox-Serenite-1.png?resize=100%2C100&amp;ssl=1 100w\" sizes=\"(max-width: 900px) 100vw, 900px\" \/><\/a><\/figure>\n\n\n\n<h3 class=\"wp-block-heading\">\ud83c\udf11 <a target=\"_blank\" rel=\"noreferrer noopener\" href=\"https:\/\/www.lespaillettesvertes.ch\/de\/produit\/geschenkset-detox-serenity\/\">Detox &amp; Gelassenheit<\/a> &#8211; Der Fr\u00fchjahrsputz f\u00fcr die Haut<\/h3>\n<\/div>\n\n<div style=\"height:45px\" aria-hidden=\"true\" class=\"wp-block-spacer\"><\/div>\n\n<p>Die Kombination aus Aktivkohle und Lavendel ist ideal f\u00fcr berufst\u00e4tige M\u00fctter, die unter dem Stress des Stadtlebens leiden.<\/p>\n\n<ul class=\"wp-block-list\">\n<li><strong>Preis: CHF 45.75<\/strong><\/li>\n<\/ul>\n\n<div style=\"height:45px\" aria-hidden=\"true\" class=\"wp-block-spacer\"><\/div>\n\n<div class=\"wp-block-group is-nowrap is-layout-flex wp-container-core-group-is-layout-ad2f72ca wp-block-group-is-layout-flex\">\n<figure class=\"wp-block-image size-full\"><a href=\"https:\/\/www.lespaillettesvertes.ch\/de\/produit\/geschenkset-eclat-douceur\/\"><img data-recalc-dims=\"1\" loading=\"lazy\" decoding=\"async\" width=\"900\" height=\"900\" src=\"https:\/\/i0.wp.com\/www.lespaillettesvertes.ch\/wp-content\/uploads\/2026\/04\/Coffret-cadeau-Eclat-Douceur-1.png?resize=900%2C900&#038;ssl=1\" alt=\"Geschenkbox-Eclat-Douceur\" class=\"wp-image-58550\" srcset=\"https:\/\/i0.wp.com\/www.lespaillettesvertes.ch\/wp-content\/uploads\/2026\/04\/Coffret-cadeau-Eclat-Douceur-1.png?w=900&amp;ssl=1 900w, https:\/\/i0.wp.com\/www.lespaillettesvertes.ch\/wp-content\/uploads\/2026\/04\/Coffret-cadeau-Eclat-Douceur-1.png?resize=300%2C300&amp;ssl=1 300w, https:\/\/i0.wp.com\/www.lespaillettesvertes.ch\/wp-content\/uploads\/2026\/04\/Coffret-cadeau-Eclat-Douceur-1.png?resize=150%2C150&amp;ssl=1 150w, https:\/\/i0.wp.com\/www.lespaillettesvertes.ch\/wp-content\/uploads\/2026\/04\/Coffret-cadeau-Eclat-Douceur-1.png?resize=768%2C768&amp;ssl=1 768w, https:\/\/i0.wp.com\/www.lespaillettesvertes.ch\/wp-content\/uploads\/2026\/04\/Coffret-cadeau-Eclat-Douceur-1.png?resize=600%2C600&amp;ssl=1 600w, https:\/\/i0.wp.com\/www.lespaillettesvertes.ch\/wp-content\/uploads\/2026\/04\/Coffret-cadeau-Eclat-Douceur-1.png?resize=100%2C100&amp;ssl=1 100w\" sizes=\"(max-width: 900px) 100vw, 900px\" \/><\/a><\/figure>\n\n\n\n<h3 class=\"wp-block-heading\">\ud83c\udf38 <a target=\"_blank\" rel=\"noreferrer noopener\" href=\"https:\/\/www.lespaillettesvertes.ch\/de\/produit\/geschenkset-eclat-douceur\/\">Glanz &amp; Sanftheit<\/a> &#8211; Licht und Poesie<\/h3>\n<\/div>\n\n<div style=\"height:45px\" aria-hidden=\"true\" class=\"wp-block-spacer\"><\/div>\n\n<p>Spirulina f\u00fcr die Ausstrahlung, Rose f\u00fcr die Z\u00e4rtlichkeit. Eine frische und fr\u00fchlingshafte Geschenkpackung. <\/p>\n\n<ul class=\"wp-block-list\">\n<li><strong>Preis: CHF 45.75<\/strong><\/li>\n<\/ul>\n\n<div style=\"height:45px\" aria-hidden=\"true\" class=\"wp-block-spacer\"><\/div>\n\n<h2 class=\"wp-block-heading\">5. Vorausschauend feiern<\/h2>\n\n<div style=\"height:45px\" aria-hidden=\"true\" class=\"wp-block-spacer\"><\/div>\n\n<p>Da wir mit einer menschlichen Stiftung arbeiten und Qualit\u00e4t vor industrieller Schnelligkeit stellen, ermutigen wir Sie, vorausschauend zu handeln.<\/p>\n\n<div style=\"height:45px\" aria-hidden=\"true\" class=\"wp-block-spacer\"><\/div>\n\n<p>\u26a0\ufe0f <strong>Letzte logistische Erinnerung:<\/strong> F\u00fcr eine garantierte Lieferung vor Sonntag, dem 10. Mai, best\u00e4tigen Sie Ihren Warenkorb <strong>vor dem 5. Mai.<\/strong> Ihre Bestellungen werden innerhalb von 3 bis 5 Werktagen versandt. <\/p>\n\n<div style=\"height:45px\" aria-hidden=\"true\" class=\"wp-block-spacer\"><\/div>\n\n<p><strong>Gemeinsam bauen wir die L\u00f6sung.<\/strong>  Die Gr\u00fcnen Pailletten zu verschenken bedeutet, die Mutter zu feiern und gleichzeitig die Erde zu ehren.<\/p>\n\n<div style=\"height:45px\" aria-hidden=\"true\" class=\"wp-block-spacer\"><\/div>\n","protected":false},"excerpt":{"rendered":"<p><span class=\"span-reading-time rt-reading-time\" style=\"display: block;\"><span class=\"rt-label rt-prefix\">Temps de lecture\u00a0: <\/span> <span class=\"rt-time\"> 4<\/span> <span class=\"rt-label rt-postfix\">minutes<\/span><\/span>Der Schweizer Muttertag steht vor der T\u00fcr (Sonntag, 10. Mai!). Zu diesem Anlass sehen wir oft Werbung f\u00fcr synthetische Parf\u00fcms oder Blumenstr\u00e4u\u00dfe, die um die halbe Welt gereist sind. F\u00fcr unsere M\u00fctter liegt die Sch\u00f6nheit jedoch nicht im &#8222;gr\u00fcnen Marketing&#8220;, sondern in der Einfachheit einer edlen Zutat und der Absicht, die hinter einer aufrichtigen Geste [&hellip;]<\/p>\n","protected":false},"author":5206,"featured_media":58638,"comment_status":"open","ping_status":"closed","sticky":false,"template":"","format":"standard","meta":{"_acf_changed":false,"_jetpack_memberships_contains_paid_content":false,"footnotes":""},"categories":[5139,5137,5175],"tags":[],"class_list":["post-58637","post","type-post","status-publish","format-standard","has-post-thumbnail","hentry","category-einnahmen","category-umweltbewusstes-reisen","category-wohlbefinden"],"acf":[],"jetpack_featured_media_url":"https:\/\/i0.wp.com\/www.lespaillettesvertes.ch\/wp-content\/uploads\/2026\/04\/95190aaa-5a7e-42d3-a3a2-effb508fa75a.jpg?fit=1168%2C784&ssl=1","jetpack_sharing_enabled":true,"_links":{"self":[{"href":"https:\/\/www.lespaillettesvertes.ch\/de\/wp-json\/wp\/v2\/posts\/58637","targetHints":{"allow":["GET"]}}],"collection":[{"href":"https:\/\/www.lespaillettesvertes.ch\/de\/wp-json\/wp\/v2\/posts"}],"about":[{"href":"https:\/\/www.lespaillettesvertes.ch\/de\/wp-json\/wp\/v2\/types\/post"}],"author":[{"embeddable":true,"href":"https:\/\/www.lespaillettesvertes.ch\/de\/wp-json\/wp\/v2\/users\/5206"}],"replies":[{"embeddable":true,"href":"https:\/\/www.lespaillettesvertes.ch\/de\/wp-json\/wp\/v2\/comments?post=58637"}],"version-history":[{"count":5,"href":"https:\/\/www.lespaillettesvertes.ch\/de\/wp-json\/wp\/v2\/posts\/58637\/revisions"}],"predecessor-version":[{"id":58656,"href":"https:\/\/www.lespaillettesvertes.ch\/de\/wp-json\/wp\/v2\/posts\/58637\/revisions\/58656"}],"wp:featuredmedia":[{"embeddable":true,"href":"https:\/\/www.lespaillettesvertes.ch\/de\/wp-json\/wp\/v2\/media\/58638"}],"wp:attachment":[{"href":"https:\/\/www.lespaillettesvertes.ch\/de\/wp-json\/wp\/v2\/media?parent=58637"}],"wp:term":[{"taxonomy":"category","embeddable":true,"href":"https:\/\/www.lespaillettesvertes.ch\/de\/wp-json\/wp\/v2\/categories?post=58637"},{"taxonomy":"post_tag","embeddable":true,"href":"https:\/\/www.lespaillettesvertes.ch\/de\/wp-json\/wp\/v2\/tags?post=58637"}],"curies":[{"name":"wp","href":"https:\/\/api.w.org\/{rel}","templated":true}]}}